{"id":2742,"__str__":"Projeto de Decreto Legislativo n\u00ba 10 de 2025","link_detail_backend":"/materia/2742","metadata":{},"numero":10,"ano":2025,"numero_protocolo":null,"data_apresentacao":"2025-10-14","tipo_apresentacao":"","data_publicacao":null,"numero_origem_externa":"","ano_origem_externa":null,"data_origem_externa":null,"apelido":"","dias_prazo":null,"data_fim_prazo":null,"em_tramitacao":true,"polemica":false,"objeto":"","complementar":false,"ementa":"Mant\u00e9m o veto do Chefe do Executivo Municipal ao Projeto de Lei n\u00ba. 026/2025. \u201cInstitui a Feira Livre do Brech\u00f3 no Munic\u00edpio de Almirante Tamandar\u00e9 e estabelece diretrizes para a sua organiza\u00e7\u00e3o e funcionamento\u201d.","indexacao":"","observacao":"","resultado":"","texto_original":"http://sapl.almirantetamandare.pr.leg.br/media/sapl/public/materialegislativa/2025/2742/pdl_010-2025_-_legislativo.pdf","data_ultima_atualizacao":"2025-10-20T10:24:55.644421-03:00","ip":"167.250.185.8","ultima_edicao":"2025-10-20T10:23:43.944952-03:00","tipo":6,"regime_tramitacao":1,"tipo_origem_externa":null,"local_origem_externa":null,"user":35,"anexadas":[],"autores":[114]}